{"id":155652,"date":"2019-11-15T23:35:00","date_gmt":"2019-11-15T22:35:00","guid":{"rendered":"https:\/\/codengine3.ch\/?p=155652"},"modified":"2021-01-31T13:15:19","modified_gmt":"2021-01-31T12:15:19","slug":"hans-kammerlander-bergsucht-eine-filmische-lebenlinie","status":"publish","type":"post","link":"https:\/\/pizbube.ch\/en\/hans-kammerlander-bergsucht-eine-filmische-lebenlinie\/","title":{"rendered":"Hans Kammerlander &#8211; Bergsucht \/ Eine filmische Lebenlinie"},"content":{"rendered":"<p>Portrait \u00fcber Hans Kammerlander, einer der erfolgreichsten Extrembergsteiger der letzten 40 Jahre.<\/p>\n\n\n\n<p>Zu sehen in der&nbsp;<strong><a href=\"https:\/\/www.br.de\/mediathek\/video\/lebenslinien-18112019-hans-kammerlander-bergsucht-av:5d9c7e4e937573001a79ec70\" target=\"_blank\" rel=\"noreferrer noopener\">Mediathek des BR Fernsehen<\/a><\/strong>&nbsp;oder daselbst life am 18.11.2019, 22:00 Uhr<\/p>\n\n\n\n<p>Auf einem Bergbauernhof in S\u00fcdtirol w\u00e4chst Hans Kammerlander als j\u00fcngstes von sechs Kindern auf. Die Eltern bewirtschaften gemeinsam den kleinen Hof, der Vater richtet als Schuhmacher die Schuhe der benachbarten Bauern. Es ist eine karge, aber sehr freie Kindheit. Schon fr\u00fch entdeckt Hans seine Begeisterung f\u00fcr die Berge. Wandern, Bergsteigen und Klettern werden schnell seine Leidenschaft.<\/p>\n\n\n\n<p>Richtig los geht es f\u00fcr ihn, als er den bereits bekannten Bergsteiger Reinhold Messner kennenlernt und dieser ihn als Bergf\u00fchrer in seine Alpinschule holt. Reinhold Messner er\u00f6ffnet Hans die Welt des Himalaya. Zusammen gelingt ihnen beispielsweise eine Doppel\u00fcberquerung zweier Achttausender \u2013 der Gasherbrum Gipfel \u2013 ein wahnwitziges Unternehmen, das seitdem niemand mehr gewagt hat. Unabh\u00e4ngig von Messner macht sich Hans einen Namen, indem er von den h\u00f6chsten Gipfeln der Welt mit den Skiern abf\u00e4hrt.<\/p>\n\n\n\n<p>Doch er muss auch schwere Tiefschl\u00e4ge einstecken. Am Manaslu verliert er zwei seiner besten Freunde. Nach diesem Schock dauert es Monate, bis ihn seine &#171;Bergsucht&#187; wieder in die H\u00f6he zieht. Gerade als er sich nach der Geburt seiner Tochter von der Jagd nach Rekorden verabschiedet, schl\u00e4gt das Schicksal im Tal zu: Er verursacht einen Autounfall, bei dem ein junger Mann ums Leben kommt.<\/p>\n\n\n\n<h2 class=\"blog_sub_title wp-block-heading\">Unsere Empfehlungen<\/h2>\n\n\n\n<ul class=\"ux-products-list product_list_widget\">\n\t\t\t\t\t<li>\n\t<a href=\"https:\/\/pizbube.ch\/en\/shop\/nur-der-berg-ist-mein-boss\/\" title=\"Nur der Berg ist mein Boss\">\n\t\t<img loading=\"lazy\" decoding=\"async\" width=\"100\" height=\"100\" src=\"https:\/\/pizbube.ch\/wp-content\/uploads\/attachments\/a_022\/75762D20D2DE313563D61D5E1DDD8E58-100x100.jpg\" class=\"attachment-woocommerce_gallery_thumbnail size-woocommerce_gallery_thumbnail\" alt=\"Nur der Berg ist mein Boss\" \/>\t\t<span class=\"product-title\">Nur der Berg ist mein Boss<\/span>\n\t<\/a>\n\t\t<span class=\"woocs_price_code\" data-currency=\"\" data-redraw-id=\"69f4ac665ce50\"  data-product-id=\"148251\"><span class=\"woocommerce-Price-amount amount\"><bdi><span class=\"woocommerce-Price-currencySymbol\">&#67;&#72;&#70;<\/span>&nbsp;34.90<\/bdi><\/span> <small class=\"woocommerce-price-suffix\">incl. MwSt.<\/small><\/span><\/li>\n\t\t\t\t\t<li>\n\t<a href=\"https:\/\/pizbube.ch\/en\/shop\/hans-kammerlander-hoehen-und-tiefen-meines-lebens\/\" title=\"Hans Kammerlander \u2013 H\u00f6hen und Tiefen meines Lebens\">\n\t\t<img loading=\"lazy\" decoding=\"async\" width=\"100\" height=\"100\" src=\"https:\/\/pizbube.ch\/wp-content\/uploads\/2021\/01\/Hans-Kammerlander-Hoehen-und-Tiefen-meines-Lebens_cov-100x100.jpg\" class=\"attachment-woocommerce_gallery_thumbnail size-woocommerce_gallery_thumbnail\" alt=\"Hans Kammerlander \u2013 H\u00f6hen und Tiefen meines Lebens\" srcset=\"https:\/\/pizbube.ch\/wp-content\/uploads\/2021\/01\/Hans-Kammerlander-Hoehen-und-Tiefen-meines-Lebens_cov-100x100.jpg 100w, https:\/\/pizbube.ch\/wp-content\/uploads\/2021\/01\/Hans-Kammerlander-Hoehen-und-Tiefen-meines-Lebens_cov-280x280.jpg 280w, https:\/\/pizbube.ch\/wp-content\/uploads\/2021\/01\/Hans-Kammerlander-Hoehen-und-Tiefen-meines-Lebens_cov-32x32.jpg 32w\" sizes=\"auto, (max-width: 100px) 100vw, 100px\" \/>\t\t<span class=\"product-title\">Hans Kammerlander \u2013 H\u00f6hen und Tiefen meines Lebens<\/span>\n\t<\/a>\n\t\t<span class=\"woocs_price_code\" data-currency=\"\" data-redraw-id=\"69f4ac665d5f3\"  data-product-id=\"152048\"><span class=\"woocommerce-Price-amount amount\"><bdi><span class=\"woocommerce-Price-currencySymbol\">&#67;&#72;&#70;<\/span>&nbsp;25.50<\/bdi><\/span> <small class=\"woocommerce-price-suffix\">incl. MwSt.<\/small><\/span><\/li>\n\t\t\t\t\t<li>\n\t<a href=\"https:\/\/pizbube.ch\/en\/shop\/bergsuechtig\/\" title=\"Bergs\u00fcchtig\">\n\t\t<img loading=\"lazy\" decoding=\"async\" width=\"100\" height=\"100\" src=\"https:\/\/pizbube.ch\/wp-content\/uploads\/2021\/01\/bergsuechtig-100x100.jpg\" class=\"attachment-woocommerce_gallery_thumbnail size-woocommerce_gallery_thumbnail\" alt=\"Bergs\u00fcchtig\" srcset=\"https:\/\/pizbube.ch\/wp-content\/uploads\/2021\/01\/bergsuechtig-100x100.jpg 100w, https:\/\/pizbube.ch\/wp-content\/uploads\/2021\/01\/bergsuechtig-280x280.jpg 280w, https:\/\/pizbube.ch\/wp-content\/uploads\/2021\/01\/bergsuechtig-32x32.jpg 32w\" sizes=\"auto, (max-width: 100px) 100vw, 100px\" \/>\t\t<span class=\"product-title\">Bergs\u00fcchtig<\/span>\n\t<\/a>\n\t\t<span class=\"woocs_price_code\" data-currency=\"\" data-redraw-id=\"69f4ac665dd77\"  data-product-id=\"152045\"><span class=\"woocommerce-Price-amount amount\"><bdi><span class=\"woocommerce-Price-currencySymbol\">&#67;&#72;&#70;<\/span>&nbsp;25.90<\/bdi><\/span> <small class=\"woocommerce-price-suffix\">incl. MwSt.<\/small><\/span><\/li>\n\t\t\t\t\t<li>\n\t<a href=\"https:\/\/pizbube.ch\/en\/shop\/manaslu-berg-der-seelen-dvd\/\" title=\"Manaslu - Berg der Seelen (DVD)\">\n\t\t<img loading=\"lazy\" decoding=\"async\" width=\"100\" height=\"100\" src=\"https:\/\/pizbube.ch\/wp-content\/uploads\/attachments\/a_015\/559D1B50D0FF55889D970309AB769319-100x100.jpg\" class=\"attachment-woocommerce_gallery_thumbnail size-woocommerce_gallery_thumbnail\" alt=\"Manaslu - Berg der Seelen (DVD)\" \/>\t\t<span class=\"product-title\">Manaslu - Berg der Seelen (DVD)<\/span>\n\t<\/a>\n\t\t<span class=\"woocs_price_code\" data-currency=\"\" data-redraw-id=\"69f4ac665e4c7\"  data-product-id=\"148184\"><span class=\"woocommerce-Price-amount amount\"><bdi><span class=\"woocommerce-Price-currencySymbol\">&#67;&#72;&#70;<\/span>&nbsp;18.90<\/bdi><\/span> <small class=\"woocommerce-price-suffix\">incl. MwSt.<\/small><\/span><\/li>\n\t\t\n\t\t<\/ul>","protected":false},"excerpt":{"rendered":"<p>Portrait \u00fcber Hans Kammerlander, einer der erfolgreichsten Extrembergsteiger der letzten 40 Jahre. Zu sehen in der&nbsp;Mediathek des BR Fernsehen&nbsp;oder daselbst life am 18.11.2019, 22:00 Uhr Auf einem Bergbauernhof in S\u00fcdtirol w\u00e4chst Hans Kammerlander als j\u00fcngstes von sechs Kindern auf. Die Eltern bewirtschaften gemeinsam den kleinen Hof, der Vater richtet als Schuhmacher die Schuhe der benachbarten [&#8230;]\n","protected":false},"author":1,"featured_media":155653,"comment_status":"closed","ping_status":"closed","sticky":false,"template":"","format":"standard","meta":{"footnotes":""},"categories":[26757],"tags":[],"class_list":["post-155652","post","type-post","status-publish","format-standard","has-post-thumbnail","hentry","category-piz-thema"],"_links":{"self":[{"href":"https:\/\/pizbube.ch\/en\/wp-json\/wp\/v2\/posts\/155652","targetHints":{"allow":["GET"]}}],"collection":[{"href":"https:\/\/pizbube.ch\/en\/wp-json\/wp\/v2\/posts"}],"about":[{"href":"https:\/\/pizbube.ch\/en\/wp-json\/wp\/v2\/types\/post"}],"author":[{"embeddable":true,"href":"https:\/\/pizbube.ch\/en\/wp-json\/wp\/v2\/users\/1"}],"replies":[{"embeddable":true,"href":"https:\/\/pizbube.ch\/en\/wp-json\/wp\/v2\/comments?post=155652"}],"version-history":[{"count":0,"href":"https:\/\/pizbube.ch\/en\/wp-json\/wp\/v2\/posts\/155652\/revisions"}],"wp:featuredmedia":[{"embeddable":true,"href":"https:\/\/pizbube.ch\/en\/wp-json\/wp\/v2\/media\/155653"}],"wp:attachment":[{"href":"https:\/\/pizbube.ch\/en\/wp-json\/wp\/v2\/media?parent=155652"}],"wp:term":[{"taxonomy":"category","embeddable":true,"href":"https:\/\/pizbube.ch\/en\/wp-json\/wp\/v2\/categories?post=155652"},{"taxonomy":"post_tag","embeddable":true,"href":"https:\/\/pizbube.ch\/en\/wp-json\/wp\/v2\/tags?post=155652"}],"curies":[{"name":"wp","href":"https:\/\/api.w.org\/{rel}","templated":true}]}}