{"id":156352,"date":"2025-11-26T14:49:43","date_gmt":"2025-11-26T13:49:43","guid":{"rendered":"https:\/\/pizbube-test.ch\/?p=156352"},"modified":"2025-11-26T14:49:43","modified_gmt":"2025-11-26T13:49:43","slug":"glaernisch-vrenelis-gaertli","status":"publish","type":"post","link":"https:\/\/pizbube.ch\/en\/glaernisch-vrenelis-gaertli\/","title":{"rendered":"GL\u00c4RNISCH &#8211; VRENELI`S G\u00c4RTLI &#8211; 28.\/29. Juni 2026"},"content":{"rendered":"\n<p>Standen Sie auch schon an einem klaren F\u00f6hntag am Bellevue oder auf dem Aussichtsturm auf dem \u00dcetliberg und bewunderten die gl\u00e4nzenden Gletscherkuppen am Horizont?<\/p>\n\n\n\n<p>Diesen Sommer haben Sie die M\u00f6glichkeit, von dort oben auf Z\u00fcrich hinabzusehen &#8211; jeweils Sonntags\/ Montags biete ich als Bergf\u00fchrer gef\u00fchrte Touren auf diese durchwegs leichten Hausberge Z\u00fcrich`s.<\/p>\n\n\n\n<p>Der Anfang macht der sagenumwobene Garten vom Vreneli auf dem Gl\u00e4rnisch:<br>Gl\u00e4rnisch- Vrenelis G\u00e4rtli 2904 m;<br>Auf den Spuren des abenteuerlustigen \u00c4lplerm\u00e4dchens Vreneli.<\/p>\n\n\n\n<p>Treffpunkt und Tourenziele sind so gew\u00e4hlt, dass die Reise mit den \u00f6ffentlichen Verkehrsmitteln m\u00f6glich ist. Die Ausr\u00fcstungsliste wird den Teilnehmenden zugeschickt.<\/p>\n\n\n\n<p>Anmeldungen werden nach ihrem Eingang ber\u00fccksichtigt. Sie k\u00f6nnen sich via email info@pizbube.ch oder telefonisch anmelden.<\/p>\n\n\n\n<p><\/p>\n\n\n\n<p><\/p>\n\n\n\n<figure class=\"wp-block-table\"><table><tbody><tr><td>Datum:<\/td><td>Sonntag &amp; Montag, 28.\/29. Juni 2026<\/td><\/tr><tr><td>Anzahl Teilnehmer<\/td><td>Kleine Gruppengr\u00f6ssen; min. 2,&nbsp;max. 4 Personen pro Bergf\u00fchrer<\/td><\/tr><tr><td>Kosten<\/td><td>CHF 380 pro Person<br><br>Nicht inbegriffen sind Getr\u00e4nke, Reise- und Bergbahnkosten sowie die Halbpension (ca. 80 CHF pro Nacht und Person) der Teilnehmenden.<\/td><\/tr><tr><td>Leitung<\/td><td>Lieni Roffler, dipl. Bergf\u00fchrer IVBV<\/td><\/tr><\/tbody><\/table><\/figure>\n\n\n\n<h2 class=\"wp-block-heading\">Unsere Buchempfehlungen<\/h2>\n\n\n<div data-block-name=\"woocommerce\/handpicked-products\" data-columns=\"4\" data-content-visibility=\"{&quot;title&quot;:true,&quot;price&quot;:true,&quot;rating&quot;:false,&quot;button&quot;:false}\" data-products=\"[152168,149018,148075]\" class=\"wc-block-grid wp-block-handpicked-products wp-block-woocommerce-handpicked-products wc-block-handpicked-products has-4-columns has-multiple-rows\"><ul class=\"wc-block-grid__products\"><li class=\"wc-block-grid__product\">\n\t\t\t\t<a href=\"https:\/\/pizbube.ch\/en\/shop\/glaernisch\/\" class=\"wc-block-grid__product-link\">\n\t\t\t\t\t\n\t\t\t\t\t<div class=\"wc-block-grid__product-image\"><img loading=\"lazy\" decoding=\"async\" width=\"303\" height=\"420\" src=\"https:\/\/pizbube.ch\/wp-content\/uploads\/2021\/01\/Glaernisch-cov.jpg\" class=\"attachment-woocommerce_thumbnail size-woocommerce_thumbnail\" alt=\"Gl\u00e4rnisch\" srcset=\"https:\/\/pizbube.ch\/wp-content\/uploads\/2021\/01\/Glaernisch-cov.jpg 303w, https:\/\/pizbube.ch\/wp-content\/uploads\/2021\/01\/Glaernisch-cov-289x400.jpg 289w, https:\/\/pizbube.ch\/wp-content\/uploads\/2021\/01\/Glaernisch-cov-9x12.jpg 9w\" sizes=\"auto, (max-width: 303px) 100vw, 303px\" \/><\/div>\n\t\t\t\t\t<div class=\"wc-block-grid__product-title\">Gl\u00e4rnisch<\/div>\n\t\t\t\t<\/a>\n\t\t\t\t<div class=\"wc-block-grid__product-price price\"><span class=\"woocs_price_code\" data-currency=\"\" data-redraw-id=\"69f2119154162\" data-product-id=\"152168\"><span class=\"woocommerce-Price-amount amount\"><span class=\"woocommerce-Price-currencySymbol\">&#067;&#072;&#070;<\/span>&nbsp;45.00<\/span> <small class=\"woocommerce-price-suffix\">inkl. MwSt.<\/small><\/span><\/div>\n\t\t\t\t\n\t\t\t\t\n\t\t\t<\/li><li class=\"wc-block-grid__product\">\n\t\t\t\t<a href=\"https:\/\/pizbube.ch\/en\/shop\/vrenelis-gaertli\/\" class=\"wc-block-grid__product-link\">\n\t\t\t\t\t\n\t\t\t\t\t<div class=\"wc-block-grid__product-image\"><img loading=\"lazy\" decoding=\"async\" width=\"561\" height=\"673\" src=\"https:\/\/pizbube.ch\/wp-content\/uploads\/2021\/01\/Vrenelis-Gaertli-561x673.jpg\" class=\"attachment-woocommerce_thumbnail size-woocommerce_thumbnail\" alt=\"Vrenelis G\u00e4rtli\" \/><\/div>\n\t\t\t\t\t<div class=\"wc-block-grid__product-title\">Vrenelis G\u00e4rtli<\/div>\n\t\t\t\t<\/a>\n\t\t\t\t<div class=\"wc-block-grid__product-price price\"><span class=\"woocs_price_code\" data-currency=\"\" data-redraw-id=\"69f211915457e\" data-product-id=\"149018\"><span class=\"woocommerce-Price-amount amount\"><span class=\"woocommerce-Price-currencySymbol\">&#067;&#072;&#070;<\/span>&nbsp;17.00<\/span> <small class=\"woocommerce-price-suffix\">inkl. MwSt.<\/small><\/span><\/div>\n\t\t\t\t\n\t\t\t\t\n\t\t\t<\/li><li class=\"wc-block-grid__product\">\n\t\t\t\t<a href=\"https:\/\/pizbube.ch\/en\/shop\/glarner-sagen\/\" class=\"wc-block-grid__product-link\">\n\t\t\t\t\t\n\t\t\t\t\t<div class=\"wc-block-grid__product-image\"><img loading=\"lazy\" decoding=\"async\" width=\"561\" height=\"673\" src=\"https:\/\/pizbube.ch\/wp-content\/uploads\/2021\/01\/Glarner-Sagen_cov-561x673.jpg\" class=\"attachment-woocommerce_thumbnail size-woocommerce_thumbnail\" alt=\"Glarner Sagen\" \/><\/div>\n\t\t\t\t\t<div class=\"wc-block-grid__product-title\">Glarner Sagen<\/div>\n\t\t\t\t<\/a>\n\t\t\t\t<div class=\"wc-block-grid__product-price price\"><span class=\"woocs_price_code\" data-currency=\"\" data-redraw-id=\"69f21191549a0\" data-product-id=\"148075\"><span class=\"woocommerce-Price-amount amount\"><span class=\"woocommerce-Price-currencySymbol\">&#067;&#072;&#070;<\/span>&nbsp;29.80<\/span> <small class=\"woocommerce-price-suffix\">inkl. MwSt.<\/small><\/span><\/div>\n\t\t\t\t\n\t\t\t\t\n\t\t\t<\/li><\/ul><\/div>\n\n\n<p><\/p>\n","protected":false},"excerpt":{"rendered":"<p>Standen Sie auch schon an einem klaren F\u00f6hntag am Bellevue oder auf dem Aussichtsturm auf dem \u00dcetliberg und bewunderten die gl\u00e4nzenden Gletscherkuppen am Horizont? Diesen Sommer haben Sie die M\u00f6glichkeit, von dort oben auf Z\u00fcrich hinabzusehen &#8211; jeweils Sonntags\/ Montags biete ich als Bergf\u00fchrer gef\u00fchrte Touren auf diese durchwegs leichten Hausberge Z\u00fcrich`s. Der Anfang macht [&#8230;]\n","protected":false},"author":1,"featured_media":156353,"comment_status":"closed","ping_status":"closed","sticky":false,"template":"","format":"standard","meta":{"footnotes":""},"categories":[26759],"tags":[],"class_list":["post-156352","post","type-post","status-publish","format-standard","has-post-thumbnail","hentry","category-piz-ausflug"],"_links":{"self":[{"href":"https:\/\/pizbube.ch\/en\/wp-json\/wp\/v2\/posts\/156352","targetHints":{"allow":["GET"]}}],"collection":[{"href":"https:\/\/pizbube.ch\/en\/wp-json\/wp\/v2\/posts"}],"about":[{"href":"https:\/\/pizbube.ch\/en\/wp-json\/wp\/v2\/types\/post"}],"author":[{"embeddable":true,"href":"https:\/\/pizbube.ch\/en\/wp-json\/wp\/v2\/users\/1"}],"replies":[{"embeddable":true,"href":"https:\/\/pizbube.ch\/en\/wp-json\/wp\/v2\/comments?post=156352"}],"version-history":[{"count":0,"href":"https:\/\/pizbube.ch\/en\/wp-json\/wp\/v2\/posts\/156352\/revisions"}],"wp:featuredmedia":[{"embeddable":true,"href":"https:\/\/pizbube.ch\/en\/wp-json\/wp\/v2\/media\/156353"}],"wp:attachment":[{"href":"https:\/\/pizbube.ch\/en\/wp-json\/wp\/v2\/media?parent=156352"}],"wp:term":[{"taxonomy":"category","embeddable":true,"href":"https:\/\/pizbube.ch\/en\/wp-json\/wp\/v2\/categories?post=156352"},{"taxonomy":"post_tag","embeddable":true,"href":"https:\/\/pizbube.ch\/en\/wp-json\/wp\/v2\/tags?post=156352"}],"curies":[{"name":"wp","href":"https:\/\/api.w.org\/{rel}","templated":true}]}}