{"id":159906,"date":"2025-11-26T10:58:20","date_gmt":"2025-11-26T09:58:20","guid":{"rendered":"https:\/\/pizbube.ch\/?p=159906"},"modified":"2025-11-26T10:59:32","modified_gmt":"2025-11-26T09:59:32","slug":"geschenkideen-fuer-unter-dem-christbaum-2021","status":"publish","type":"post","link":"https:\/\/pizbube.ch\/en\/geschenkideen-fuer-unter-dem-christbaum-2021\/","title":{"rendered":"Geschenkideen f\u00fcr unter dem Christbaum 2025"},"content":{"rendered":"<p><strong>Oh du fr\u00f6hlicher B\u00fccherberg zu Weihnachten 2025!<\/strong><\/p>\n\n\n\n<p>Einem veritablen Achttausender gleich stapeln sich diese Weihnachten die B\u00fccher f\u00fcr Geschenkideen unter dem Christbaum!<\/p>\n\n\n\n<p>Es ist ein gutes Jahr, um seinem Kletterkumpel oder seiner Bergfreundin ein sch\u00f6nes Buch zu schenken:<br>So viele wundersch\u00f6ne Titel f\u00fcr Berg-Begeisterte gab es schon lange nicht mehr.<\/p>\n\n\n\n<p>Der \u201ePizbube\u201c pr\u00e4sentiert seine Lieblings-Geschenkideen nachstehend \u2013 viel Spass beim Ausw\u00e4hlen &amp; Schenken!<\/p>\n\n\n\n<p><\/p>\n\n\n\n<p><strong><a href=\"https:\/\/pizbube.ch\/en\/shop\/karten-knacknuesse-schweiz\/\" target=\"_blank\" rel=\"noreferrer noopener\">Karten-Knackn\u00fcsse \u2013 Schweiz<\/a><\/strong><\/p>\n\n\n\n<p>250 R\u00e4tsel auf Schweizer Landkarten<\/p>\n\n\n\n<p>Karten-Knackn\u00fcsse enth\u00e4lt 30 Landkarten mit R\u00e4tseln, Geheimnissen, Wortspielen und sonstigem Schabernack. Findet ihr die Stadt, in der man friert, die Gemeinde, in der besonders zu Weihnachten Musik ert\u00f6nt, oder den ansehnlichsten Gipfel im Wallis? L\u00f6st richtige Knackn\u00fcsse, berechnet H\u00f6henmeter und schaut die Schweiz in 250 Fragen aus einem anderen Blickwinkel an.<br><br>Ob im Auto, im Zug oder im Wohnzimmer, ob zu zweit oder allein \u2013 dieses Buch ist perfekt, um die grauen Zellen in Schwung zu bringen, Spass mit der Familie oder mit Freunden zu haben und die Zeit zu vergessen. Alle Antworten befinden sich auf der Karte!<br><\/p>\n\n\n\n<p><\/p>\n\n\n\n<figure class=\"wp-block-image size-full\"><a href=\"https:\/\/pizbube.ch\/en\/shop\/karten-knacknuesse-schweiz\/\" target=\"_blank\" rel=\" noreferrer noopener\"><img loading=\"lazy\" decoding=\"async\" width=\"248\" height=\"341\" src=\"https:\/\/pizbube.ch\/wp-content\/uploads\/2025\/03\/kartenknacknusse_cov.jpg\" alt=\"\" class=\"wp-image-179040\" srcset=\"https:\/\/pizbube.ch\/wp-content\/uploads\/2025\/03\/kartenknacknusse_cov.jpg 248w, https:\/\/pizbube.ch\/wp-content\/uploads\/2025\/03\/kartenknacknusse_cov-9x12.jpg 9w\" sizes=\"auto, (max-width: 248px) 100vw, 248px\" \/><\/a><\/figure>\n\n\n\n<p><\/p>\n\n\n\n<p><br><\/p>\n\n\n\n<p><strong><a href=\"https:\/\/pizbube.ch\/en\/shop\/kalender-best-of-bouldern-2026\/\" target=\"_blank\" rel=\"noreferrer noopener\">Kalender Best of Bouldern 2026<\/a><\/strong><br><br>Boulder-Wandkalender 2026 im Gro\u00dfformat 67 x 47 cm auf hochwertigem 250 gr. Papier.<\/p>\n\n\n\n<p>Bouldern erlebt in den letzten Jahren einen enormen Boom und ist extrem angesagt. Dieser Kalender ist ein Spiegel der besten Boulderspots in Europa und dem Rest der Welt. Nicht nur Topgebiete und -athleten sind im Kalender vertreten, sondern die Fotos wurden nach \u00e4sthetischen Gesichtspunkten ausgew\u00e4hlt, so dass der Wandkalender ein spannender Querschnitt durch die Boulderszene darstellt, den man sich gerne an die Wand h\u00e4ngt.<\/p>\n\n\n\n<p><\/p>\n\n\n\n<figure class=\"wp-block-image size-full\"><a href=\"https:\/\/pizbube.ch\/en\/shop\/kalender-best-of-bouldern-2026\/\" target=\"_blank\" rel=\" noreferrer noopener\"><img loading=\"lazy\" decoding=\"async\" width=\"559\" height=\"800\" src=\"https:\/\/pizbube.ch\/wp-content\/uploads\/2025\/09\/best-of-bouldern-2026_cov.jpg\" alt=\"\" class=\"wp-image-181414\" srcset=\"https:\/\/pizbube.ch\/wp-content\/uploads\/2025\/09\/best-of-bouldern-2026_cov.jpg 559w, https:\/\/pizbube.ch\/wp-content\/uploads\/2025\/09\/best-of-bouldern-2026_cov-280x400.jpg 280w, https:\/\/pizbube.ch\/wp-content\/uploads\/2025\/09\/best-of-bouldern-2026_cov-8x12.jpg 8w, https:\/\/pizbube.ch\/wp-content\/uploads\/2025\/09\/best-of-bouldern-2026_cov-510x730.jpg 510w\" sizes=\"auto, (max-width: 559px) 100vw, 559px\" \/><\/a><\/figure>\n\n\n\n<p><\/p>\n\n\n\n<p><br><\/p>\n\n\n\n<p><\/p>\n\n\n\n<p><strong><a href=\"https:\/\/pizbube.ch\/en\/shop\/art-in-climbing-topos-el-arte-en-el-croquis-de-escalada\/\" target=\"_blank\" rel=\"noreferrer noopener\">Art in Climbing Topos \/ El Arte En El Croquis De Escalada<\/a><\/strong><\/p>\n\n\n\n<p>The Art in Climbing Topos, a book that addresses the different styles, techniques and ways of understanding sketches in climbing and mountaineering, mainly visual content, with 300 magnificent color images in sketches contributed by climbers from all over the world, accompanied by an explanatory text that contextualizes them.<\/p>\n\n\n\n<p><br><\/p>\n\n\n\n<figure class=\"wp-block-image size-large\"><a href=\"https:\/\/pizbube.ch\/en\/shop\/art-in-climbing-topos-el-arte-en-el-croquis-de-escalada\/\" target=\"_blank\" rel=\" noreferrer noopener\"><img loading=\"lazy\" decoding=\"async\" width=\"581\" height=\"800\" src=\"https:\/\/pizbube.ch\/wp-content\/uploads\/2024\/01\/artclimbingtopos_cov-581x800.jpg\" alt=\"\" class=\"wp-image-171166\" srcset=\"https:\/\/pizbube.ch\/wp-content\/uploads\/2024\/01\/artclimbingtopos_cov-581x800.jpg 581w, https:\/\/pizbube.ch\/wp-content\/uploads\/2024\/01\/artclimbingtopos_cov-291x400.jpg 291w, https:\/\/pizbube.ch\/wp-content\/uploads\/2024\/01\/artclimbingtopos_cov-9x12.jpg 9w, https:\/\/pizbube.ch\/wp-content\/uploads\/2024\/01\/artclimbingtopos_cov-510x702.jpg 510w, https:\/\/pizbube.ch\/wp-content\/uploads\/2024\/01\/artclimbingtopos_cov.jpg 690w\" sizes=\"auto, (max-width: 581px) 100vw, 581px\" \/><\/a><\/figure>\n\n\n\n<p><\/p>\n\n\n\n<p><\/p>\n\n\n\n<p><\/p>\n\n\n\n<p><em>H\u00f6her als der Himmel \u2013 Heldinnen der Berge<\/em> zeigt die beeindruckenden Leistungen von Frauen im Bergsport \u2013 von Pionierinnen bis zu modernen Athletinnen.<\/p>\n\n\n\n<p>Neben inspirierenden Portr\u00e4ts bietet das Buch spannende Einblicke in die Geschichte und Zukunft des Bergsteigens. Hochwertig gestaltet, mit eindrucksvollen Bildern und fundierten Texten, ist es mehr als eine Sammlung von Biografien: ein besonderes, reich bebildertes Werk f\u00fcr alle, die sich f\u00fcr Abenteuer, Natur und Bergsport begeistern.<\/p>\n\n\n\n<p>Portr\u00e4ts wegbereitender Frauen in einer lange m\u00e4nnlich-dominierten Disziplin.<br>Inspirierendes Gesamtwerk und Sammlung an Pioniergeschichten.<\/p>\n\n\n\n<p><\/p>\n\n\n\n<p><strong><a href=\"https:\/\/pizbube.ch\/en\/shop\/hoeher-als-der-himmel-heldinnen-der-berge\/\" target=\"_blank\" rel=\"noreferrer noopener\">H\u00f6her als der Himmel \u2013 Heldinnen der Berge<\/a><\/strong><br><\/p>\n\n\n\n<figure class=\"wp-block-image size-large\"><a href=\"https:\/\/pizbube.ch\/en\/shop\/hoeher-als-der-himmel-heldinnen-der-berge\/\" target=\"_blank\" rel=\" noreferrer noopener\"><img loading=\"lazy\" decoding=\"async\" width=\"559\" height=\"800\" src=\"https:\/\/pizbube.ch\/wp-content\/uploads\/2025\/09\/Hoeher-als-der-Himmel_cov-559x800.jpg\" alt=\"\" class=\"wp-image-181472\" srcset=\"https:\/\/pizbube.ch\/wp-content\/uploads\/2025\/09\/Hoeher-als-der-Himmel_cov-559x800.jpg 559w, https:\/\/pizbube.ch\/wp-content\/uploads\/2025\/09\/Hoeher-als-der-Himmel_cov-279x400.jpg 279w, https:\/\/pizbube.ch\/wp-content\/uploads\/2025\/09\/Hoeher-als-der-Himmel_cov-8x12.jpg 8w, https:\/\/pizbube.ch\/wp-content\/uploads\/2025\/09\/Hoeher-als-der-Himmel_cov-510x731.jpg 510w, https:\/\/pizbube.ch\/wp-content\/uploads\/2025\/09\/Hoeher-als-der-Himmel_cov.jpg 680w\" sizes=\"auto, (max-width: 559px) 100vw, 559px\" \/><\/a><\/figure>\n\n\n\n<p><\/p>\n\n\n\n<p><\/p>\n\n\n\n<p><\/p>\n\n\n\n<p>ANTI GRAVITY erforscht die Frage: Gibt es eine Kraft, die der Gravitation trotzt? Dieser Bildband erz\u00e4hlt in eindrucksvollen Fotografien die Geschichte von aussergew\u00f6hnlichen Momenten, in denen oben und unten ihre Bedeutung verlieren und Menschen die Grenzen des physikalisch M\u00f6glichen herausfordern.<\/p>\n\n\n\n<p>\u00dcber f\u00fcnf Jahre hinweg erkundeten der Schweizer Profi-Alpinist Dani Arnold, Fotograf Thomas Monsorno, Kletterpartner Martin Echser und Filmer Lukas Kusstatscher spektakul\u00e4re Eisw\u00e4nde weltweit. Ihre Reisen f\u00fchrten sie von Russlands Baikalsee \u00fcber Islands Vulkanlandschaft bis nach Kasachstan und die Fjorde Spitzbergens.<\/p>\n\n\n\n<p><\/p>\n\n\n\n<p><strong><a href=\"https:\/\/pizbube.ch\/en\/shop\/anti-gravity\/\" target=\"_blank\" rel=\"noreferrer noopener\">Anti Gravity<\/a><\/strong><\/p>\n\n\n\n<figure class=\"wp-block-image size-full\"><a href=\"https:\/\/pizbube.ch\/en\/shop\/anti-gravity\/\" target=\"_blank\" rel=\" noreferrer noopener\"><img loading=\"lazy\" decoding=\"async\" width=\"730\" height=\"812\" src=\"https:\/\/pizbube.ch\/wp-content\/uploads\/2024\/12\/antigravity_cov.jpg\" alt=\"\" class=\"wp-image-177836\" srcset=\"https:\/\/pizbube.ch\/wp-content\/uploads\/2024\/12\/antigravity_cov.jpg 730w, https:\/\/pizbube.ch\/wp-content\/uploads\/2024\/12\/antigravity_cov-360x400.jpg 360w, https:\/\/pizbube.ch\/wp-content\/uploads\/2024\/12\/antigravity_cov-719x800.jpg 719w, https:\/\/pizbube.ch\/wp-content\/uploads\/2024\/12\/antigravity_cov-11x12.jpg 11w, https:\/\/pizbube.ch\/wp-content\/uploads\/2024\/12\/antigravity_cov-510x567.jpg 510w\" sizes=\"auto, (max-width: 730px) 100vw, 730px\" \/><\/a><\/figure>\n\n\n\n<p><\/p>\n\n\n\n<p><\/p>\n\n\n\n<p><br><\/p>\n\n\n\n<p><strong><a href=\"https:\/\/pizbube.ch\/en\/shop\/via-alta-crio-auf-graten-und-in-eisigen-hoehen-sfiorando-i-ghiacci-a-fil-di-cresta\/\" target=\"_blank\" rel=\"noreferrer noopener\">Via Alta Crio \u2013 Auf Graten und in eisigen H\u00f6hen \/ Sfiorando i ghiacci a fil di cresta<\/a><\/strong><\/p>\n\n\n\n<p>Die Crio verbindet zehn Bergh\u00fctten, bleibt stets in der H\u00f6he, um die H\u00f6henunterschiede in Grenzen zu halten, und umfasst Etappen von unterschiedlicher Schwierigkeit und L\u00e4nge. Dank zahlreicher Ein- und Ausstiegsm\u00f6glichkeiten lassen sich die Etappen einzeln begehen oder nach Belieben miteinander verbinden, um sich eine massgeschneiderte Route zusammenzustellen.<\/p>\n\n\n\n<p>Zu Fuss auf \u00fcber dreitausend Meter von S\u00fcden nach Norden.<br>Die Via Alta Crio ist ein faszinierender H\u00f6henweg f\u00fcr erfahrene, gut vorbereitete Alpinwandernde. Sie l\u00e4sst sich am St\u00fcck oder in mehreren Teilstrecken begehen. Eine Reise, die auf knapp zweitausend Meter ihren Anfang nimmt, wilde und abgelegene T\u00e4ler durchquert und auf die h\u00f6chsten Tessiner Gipfel f\u00fchrt: auf nicht weniger als 10 Gipfel \u00fcber dreitausend Meter rund um das Dach des Tessins, das 3402 Meter hohe Rheinwaldhorn.<br><\/p>\n\n\n\n<figure class=\"wp-block-image size-full\"><a href=\"https:\/\/pizbube.ch\/en\/shop\/via-alta-crio-auf-graten-und-in-eisigen-hoehen-sfiorando-i-ghiacci-a-fil-di-cresta\/\" target=\"_blank\" rel=\" noreferrer noopener\"><img loading=\"lazy\" decoding=\"async\" width=\"600\" height=\"434\" src=\"https:\/\/pizbube.ch\/wp-content\/uploads\/2024\/12\/Via-Alta-Crio-2024_Cov.jpg\" alt=\"\" class=\"wp-image-177479\" srcset=\"https:\/\/pizbube.ch\/wp-content\/uploads\/2024\/12\/Via-Alta-Crio-2024_Cov.jpg 600w, https:\/\/pizbube.ch\/wp-content\/uploads\/2024\/12\/Via-Alta-Crio-2024_Cov-553x400.jpg 553w, https:\/\/pizbube.ch\/wp-content\/uploads\/2024\/12\/Via-Alta-Crio-2024_Cov-18x12.jpg 18w, https:\/\/pizbube.ch\/wp-content\/uploads\/2024\/12\/Via-Alta-Crio-2024_Cov-510x369.jpg 510w\" sizes=\"auto, (max-width: 600px) 100vw, 600px\" \/><\/a><\/figure>\n\n\n\n<p><\/p>\n\n\n\n<p><br><\/p>\n\n\n\n<p><\/p>\n\n\n\n<p><strong><a href=\"https:\/\/pizbube.ch\/en\/shop\/schweizer-bergwelten\/\" target=\"_blank\" rel=\"noreferrer noopener\">CABIN WILD ALPINE BIVOUAC HUTS Volume 1: West \u2013 Mediterranean to Mont Blanc<\/a><\/strong><\/p>\n\n\n\n<p>CABIN WILD leads you on a journey into the most remote corners of the European Alps, weaving together personal adventure, mountain history and the evolving story of high-altitude architecture.<\/p>\n\n\n\n<p>For over a decade, Ben Tibbetts and Valentine Fabre have crossed the Alps on foot, skis and by bike, drawn by an enduring fascination with bivouac huts. From primitive stone shelters to bold sculptural forms, hundreds of these open-access cabins are scattered across the high alpine landscape.<\/p>\n\n\n\n<p>In the first two volumes, they present 50 of the most distinctive cabins in the Alps. Alongside practical detail and cultural context, they reflect on the stories etched into each shelter: of shepherds, mountaineers, architects and the communities who shaped and maintain them.<br><br><\/p>\n\n\n\n<figure class=\"wp-block-image size-full\"><a href=\"https:\/\/pizbube.ch\/wp-content\/uploads\/2025\/10\/cabin-wild-alpine-bivouac-1_cov.jpg\" target=\"_blank\" rel=\" noreferrer noopener\"><img loading=\"lazy\" decoding=\"async\" width=\"540\" height=\"700\" src=\"https:\/\/pizbube.ch\/wp-content\/uploads\/2025\/10\/cabin-wild-alpine-bivouac-1_cov.jpg\" alt=\"\" class=\"wp-image-181660\" srcset=\"https:\/\/pizbube.ch\/wp-content\/uploads\/2025\/10\/cabin-wild-alpine-bivouac-1_cov.jpg 540w, https:\/\/pizbube.ch\/wp-content\/uploads\/2025\/10\/cabin-wild-alpine-bivouac-1_cov-309x400.jpg 309w, https:\/\/pizbube.ch\/wp-content\/uploads\/2025\/10\/cabin-wild-alpine-bivouac-1_cov-9x12.jpg 9w, https:\/\/pizbube.ch\/wp-content\/uploads\/2025\/10\/cabin-wild-alpine-bivouac-1_cov-510x661.jpg 510w\" sizes=\"auto, (max-width: 540px) 100vw, 540px\" \/><\/a><\/figure>\n\n\n\n\n\n<p><\/p>\n\n\n\n<p><br><\/p>\n\n\n\n<p><strong><a href=\"https:\/\/pizbube.ch\/en\/shop\/kunstmaler-hans-jossi-geschichten-und-bilder-aus-dem-himalaya-alle-8000er-in-oel\/\" data-type=\"link\" data-id=\"https:\/\/pizbube.ch\/shop\/gezahnt-wie-der-kiefer-eines-alligators-was-reisende-ueber-die-dolomiten-schrieben\/\" target=\"_blank\" rel=\"noreferrer noopener\">Kunstmaler Hans Jossi \u2013 Geschichten und Bilder aus dem Himalaya \/ Alle 8000er in \u00d6l<\/a><\/strong><\/p>\n\n\n\n<p>Die 14 Achttausender der Erde faszinieren nicht nur Bergsteiger, sondern auch K\u00fcnstler. Nach verschiedenen grossen Trekkings im Himalaja und einer Anfrage von Reinhold Messner, der sein Eiger-Bild f\u00fcr sein im Umbau befindliches Museum erwerben wollte, hat Hans Jossi die 14 Achttausender allesamt in \u00d6l auf Leinwand gemalt.<\/p>\n\n\n\n<p>Der sorgf\u00e4ltig gestaltete Kunstband \u00abKunstmaler Hans Jossi \u2013 Geschichten und Bilder aus dem Himalaja\u00bb vereint nun erstmals diese Werke in gedruckter Form. Mit einem Beitrag von Dr. med. Oswald Oelz \u2013 einem hochgesch\u00e4tzten Alpinisten und Pionier der H\u00f6henmedizin \u2013 sowie Hans Kammerlander, der S\u00fcdtiroler Extrembergsteigerlegende, bekannt f\u00fcr seine aussergew\u00f6hnlichen Expeditionen im Himalaja.<br><\/p>\n\n\n\n<figure class=\"wp-block-image size-full\"><a href=\"https:\/\/pizbube.ch\/en\/shop\/kunstmaler-hans-jossi-geschichten-und-bilder-aus-dem-himalaya-alle-8000er-in-oel\/\" target=\"_blank\" rel=\" noreferrer noopener\"><img loading=\"lazy\" decoding=\"async\" width=\"707\" height=\"846\" src=\"https:\/\/pizbube.ch\/wp-content\/uploads\/2025\/10\/alle_8000er-in_oel_cov.jpg\" alt=\"\" class=\"wp-image-181680\" srcset=\"https:\/\/pizbube.ch\/wp-content\/uploads\/2025\/10\/alle_8000er-in_oel_cov.jpg 707w, https:\/\/pizbube.ch\/wp-content\/uploads\/2025\/10\/alle_8000er-in_oel_cov-334x400.jpg 334w, https:\/\/pizbube.ch\/wp-content\/uploads\/2025\/10\/alle_8000er-in_oel_cov-669x800.jpg 669w, https:\/\/pizbube.ch\/wp-content\/uploads\/2025\/10\/alle_8000er-in_oel_cov-10x12.jpg 10w, https:\/\/pizbube.ch\/wp-content\/uploads\/2025\/10\/alle_8000er-in_oel_cov-510x610.jpg 510w\" sizes=\"auto, (max-width: 707px) 100vw, 707px\" \/><\/a><\/figure>\n\n\n\n<figure class=\"wp-block-gallery has-nested-images columns-default is-cropped wp-block-gallery-1 is-layout-flex wp-block-gallery-is-layout-flex\"><\/figure>","protected":false},"excerpt":{"rendered":"<p>Oh du fr\u00f6hlicher B\u00fccherberg zu Weihnachten 2025! Einem veritablen Achttausender gleich stapeln sich diese Weihnachten die B\u00fccher f\u00fcr Geschenkideen unter dem Christbaum! Es ist ein gutes Jahr, um seinem Kletterkumpel oder seiner Bergfreundin ein sch\u00f6nes Buch zu schenken:So viele wundersch\u00f6ne Titel f\u00fcr Berg-Begeisterte gab es schon lange nicht mehr. Der \u201ePizbube\u201c pr\u00e4sentiert seine Lieblings-Geschenkideen nachstehend [&#8230;]\n","protected":false},"author":30,"featured_media":159887,"comment_status":"closed","ping_status":"closed","sticky":true,"template":"","format":"standard","meta":{"footnotes":""},"categories":[26758,26757],"tags":[],"class_list":["post-159906","post","type-post","status-publish","format-standard","has-post-thumbnail","hentry","category-piz-news","category-piz-thema"],"_links":{"self":[{"href":"https:\/\/pizbube.ch\/en\/wp-json\/wp\/v2\/posts\/159906","targetHints":{"allow":["GET"]}}],"collection":[{"href":"https:\/\/pizbube.ch\/en\/wp-json\/wp\/v2\/posts"}],"about":[{"href":"https:\/\/pizbube.ch\/en\/wp-json\/wp\/v2\/types\/post"}],"author":[{"embeddable":true,"href":"https:\/\/pizbube.ch\/en\/wp-json\/wp\/v2\/users\/30"}],"replies":[{"embeddable":true,"href":"https:\/\/pizbube.ch\/en\/wp-json\/wp\/v2\/comments?post=159906"}],"version-history":[{"count":0,"href":"https:\/\/pizbube.ch\/en\/wp-json\/wp\/v2\/posts\/159906\/revisions"}],"wp:featuredmedia":[{"embeddable":true,"href":"https:\/\/pizbube.ch\/en\/wp-json\/wp\/v2\/media\/159887"}],"wp:attachment":[{"href":"https:\/\/pizbube.ch\/en\/wp-json\/wp\/v2\/media?parent=159906"}],"wp:term":[{"taxonomy":"category","embeddable":true,"href":"https:\/\/pizbube.ch\/en\/wp-json\/wp\/v2\/categories?post=159906"},{"taxonomy":"post_tag","embeddable":true,"href":"https:\/\/pizbube.ch\/en\/wp-json\/wp\/v2\/tags?post=159906"}],"curies":[{"name":"wp","href":"https:\/\/api.w.org\/{rel}","templated":true}]}}